{"provider_url": "https://www.baixoguandu.es.leg.br", "title": "Sess\u00e3o Ordin\u00e1ria 10 / 05 / 2021", "html": "<p><span><br /></span></p>\r\n<p><span>Na sess\u00e3o de ontem a C\u00e2mara Municipal de Baixo Guandu/ES, recebeu a Dr\u00aa. Priscila Rabelo, com o movimento de M\u00e9dicos pela Vida, um manifesto assinado por mais de 20 m\u00e9dicos de nossa Cidade e Regi\u00e3o e que refletiu sobre a situa\u00e7\u00e3o emergencial vivida pelas V\u00edtimas da COVID-19, com a soma de a\u00e7\u00f5es entre popula\u00e7\u00e3o Guanduenses, gestores, profissionais das equipes de Sa\u00fade Municipal e M\u00e9dicos.</span></p>\r\n<p>Dr\u00aa. Priscila Apresentou um levantamento realizado por 23 cientistas em uma das revistas de maior prest\u00edgio da Medicina, a The American Journal of Medicine, em que se afirma que n\u00e3o \u00e9 uma droga \u00fanica, mas um conjunto de medicamentos que tem sido eficaz em alguns casos para evitar novos internamentos e mortes. Segundo eles, essa escolha m\u00e9dica diminui o n\u00famero de interna\u00e7\u00f5es, reduz a sobrecarga do sistema hospitalar, previne complica\u00e7\u00f5es p\u00f3s-infec\u00e7\u00e3o e reduz o n\u00famero de \u00f3bitos.<br />Dr\u00aa Priscila. \u201cDestacou que a abordagem precoce n\u00e3o se trata apenas do uso de uma ou outra droga, mas da correta combina\u00e7\u00e3o de medica\u00e7\u00f5es como a HCQ, a IN, a BRX, a AZ, o ZC, a vitamina D, entre outras, al\u00e9m dos corticoides que t\u00eam um momento certo para sua utiliza\u00e7\u00e3o nas fases inflamat\u00f3rias da doen\u00e7a, sempre observando-se a adequa\u00e7\u00e3o das combina\u00e7\u00f5es ao estado e evolu\u00e7\u00e3o de cada paciente, que ser\u00e1 acompanhado extensivamente inclusive com a realiza\u00e7\u00e3o de exames conforme necess\u00e1rios, e a recomenda\u00e7\u00e3o de interven\u00e7\u00f5es n\u00e3o farmacol\u00f3gicas, como a fisioterapia\u201d. \u201cDefinitivamente, n\u00e3o \u00e9 uma promessa de \u2018cura f\u00e1cil\u2019, posto que lidamos com uma doen\u00e7a nova e de dif\u00edcil manejo quando se agrava\u201d.<br />Destacou-se a import\u00e2ncia da rela\u00e7\u00e3o m\u00e9dico-paciente, quanto ao tratamento precoce, mencionando que ambas as partes devem estar de acordo com a terap\u00eautica proposta. Os m\u00e9dicos citam ainda o artigo 32 do C\u00f3digo de \u00c9tica M\u00e9dica, que considera \u201cinfra\u00e7\u00e3o grave deixar de usar todos os meios dispon\u00edveis de promo\u00e7\u00e3o de sa\u00fade e de preven\u00e7\u00e3o, diagn\u00f3stico e tratamento de doen\u00e7as, cientificamente reconhecidos e a seu alcance, em favor do paciente\u201d.</p>\r\n<p>\u00a0</p>\r\n<p><strong><a title=\"\" href=\"resolveuid/c00ddd1b9d6b470489d3f1306290c7a3\" class=\"internal-link\" target=\"_self\">Fotos da Sess\u00e3o</a></strong></p>", "author_name": "David", "version": "1.0", "author_url": "https://www.baixoguandu.es.leg.br/author/David", "provider_name": "C\u00e2mara Municipal", "type": "rich"}